{"id":1332,"date":"2018-01-12T20:34:36","date_gmt":"2018-01-12T19:34:36","guid":{"rendered":"http:\/\/nfg24.de\/w_press\/?p=1332"},"modified":"2018-01-29T11:04:56","modified_gmt":"2018-01-29T10:04:56","slug":"tag-der-offenen-tuer","status":"publish","type":"post","link":"https:\/\/nfg24.de\/w_press\/2018\/01\/12\/tag-der-offenen-tuer\/","title":{"rendered":"Tag der offenen T\u00fcr"},"content":{"rendered":"<p>Jungen und M\u00e4dchen der vierten Klassen kamen zusammen mit ihren Eltern am Donnerstagabend in unsere Schule, um sich in den Fachr\u00e4umen umzuschauen und in einer Elternversammlungen wichtige Informationen zum Start des neuen Schuljahres zu erhalten. Den musikalischen Rahmen lieferte die Musikwerkstatt mit fr\u00f6hlichen Liedern und instrumentalen Soloeinlagen auf dem Schlagzeug und der E-Gitarre. <!--more-->Die zuk\u00fcnftigen F\u00fcnftkl\u00e4ssler interessierten sich f\u00fcr ausgestellte Sch\u00fclerarbeiten und moderne Unterrichtsmittel wie ein Mikroskop, das von den Elftkl\u00e4sslern im Rahmen eines Projekts selbst hergestellt und den G\u00e4sten vorgestellt wurde. Viele machten gro\u00dfe Augen beim Anblick des 3D-Druckers, mit dem dreidimensionale Gegenst\u00e4nde erzeugt werden k\u00f6nnen. Engagierte Lehrer, interessante Themen, ein modern ausgestattetes Schulhaus erwarten unsere G\u00e4ste zum neuen Schuljahr.<\/p>\n<div id=\"metaslider-id-1334\" style=\"max-width: 800px; margin: 0 auto;\" class=\"ml-slider-3-108-0 metaslider metaslider-flex metaslider-1334 ml-slider has-dots-nav ms-theme-default\" role=\"region\" aria-label=\"TdoT18\" data-height=\"600\" data-width=\"800\">\n    <div id=\"metaslider_container_1334\">\n        <div id=\"metaslider_1334\" class=\"flexslider\">\n            <ul class='slides'>\n                <li style=\"display: block; width: 100%;\" class=\"slide-1339 ms-image \" aria-roledescription=\"slide\" data-date=\"2018-01-12 20:35:51\" data-filename=\"TdoT17-1.jpg\" data-slide-type=\"image\"><img loading=\"lazy\" decoding=\"async\" src=\"https:\/\/nfg24.de\/w_press\/wp-content\/uploads\/2018\/01\/TdoT17-1.jpg\" height=\"600\" width=\"800\" alt=\"\" class=\"slider-1334 slide-1339 msDefaultImage\" \/><\/li>\n                <li style=\"display: none; width: 100%;\" class=\"slide-1340 ms-image \" aria-roledescription=\"slide\" data-date=\"2018-01-12 20:35:51\" data-filename=\"TdoT17-2.jpg\" data-slide-type=\"image\"><img loading=\"lazy\" decoding=\"async\" src=\"https:\/\/nfg24.de\/w_press\/wp-content\/uploads\/2018\/01\/TdoT17-2.jpg\" height=\"600\" width=\"800\" alt=\"\" class=\"slider-1334 slide-1340 msDefaultImage\" \/><\/li>\n                <li style=\"display: none; width: 100%;\" class=\"slide-1341 ms-image \" aria-roledescription=\"slide\" data-date=\"2018-01-12 20:35:51\" data-filename=\"TdoT17-3.jpg\" data-slide-type=\"image\"><img loading=\"lazy\" decoding=\"async\" src=\"https:\/\/nfg24.de\/w_press\/wp-content\/uploads\/2018\/01\/TdoT17-3.jpg\" height=\"600\" width=\"800\" alt=\"\" class=\"slider-1334 slide-1341 msDefaultImage\" \/><\/li>\n                <li style=\"display: none; width: 100%;\" class=\"slide-1342 ms-image \" aria-roledescription=\"slide\" data-date=\"2018-01-12 20:35:51\" data-filename=\"TdoT17-4.jpg\" data-slide-type=\"image\"><img loading=\"lazy\" decoding=\"async\" src=\"https:\/\/nfg24.de\/w_press\/wp-content\/uploads\/2018\/01\/TdoT17-4.jpg\" height=\"600\" width=\"800\" alt=\"\" class=\"slider-1334 slide-1342 msDefaultImage\" \/><\/li>\n            <\/ul>\n        <\/div>\n        \n    <\/div>\n<\/div>\n","protected":false},"excerpt":{"rendered":"<p>Jungen und M\u00e4dchen der vierten Klassen kamen zusammen mit ihren Eltern am Donnerstagabend in unsere Schule, um sich in den Fachr\u00e4umen umzuschauen und in einer Elternversammlungen wichtige Informationen zum Start des neuen Schuljahres zu erhalten. &hellip; <a href=\"https:\/\/nfg24.de\/w_press\/2018\/01\/12\/tag-der-offenen-tuer\/\">Weiterlesen<\/a><\/p>\n","protected":false},"author":1,"featured_media":1336,"comment_status":"closed","ping_status":"closed","sticky":false,"template":"","format":"standard","meta":{"footnotes":""},"categories":[1],"tags":[],"class_list":["post-1332","post","type-post","status-publish","format-standard","has-post-thumbnail","hentry","category-news"],"_links":{"self":[{"href":"https:\/\/nfg24.de\/w_press\/wp-json\/wp\/v2\/posts\/1332","targetHints":{"allow":["GET"]}}],"collection":[{"href":"https:\/\/nfg24.de\/w_press\/wp-json\/wp\/v2\/posts"}],"about":[{"href":"https:\/\/nfg24.de\/w_press\/wp-json\/wp\/v2\/types\/post"}],"author":[{"embeddable":true,"href":"https:\/\/nfg24.de\/w_press\/wp-json\/wp\/v2\/users\/1"}],"replies":[{"embeddable":true,"href":"https:\/\/nfg24.de\/w_press\/wp-json\/wp\/v2\/comments?post=1332"}],"version-history":[{"count":3,"href":"https:\/\/nfg24.de\/w_press\/wp-json\/wp\/v2\/posts\/1332\/revisions"}],"predecessor-version":[{"id":1365,"href":"https:\/\/nfg24.de\/w_press\/wp-json\/wp\/v2\/posts\/1332\/revisions\/1365"}],"wp:featuredmedia":[{"embeddable":true,"href":"https:\/\/nfg24.de\/w_press\/wp-json\/wp\/v2\/media\/1336"}],"wp:attachment":[{"href":"https:\/\/nfg24.de\/w_press\/wp-json\/wp\/v2\/media?parent=1332"}],"wp:term":[{"taxonomy":"category","embeddable":true,"href":"https:\/\/nfg24.de\/w_press\/wp-json\/wp\/v2\/categories?post=1332"},{"taxonomy":"post_tag","embeddable":true,"href":"https:\/\/nfg24.de\/w_press\/wp-json\/wp\/v2\/tags?post=1332"}],"curies":[{"name":"wp","href":"https:\/\/api.w.org\/{rel}","templated":true}]}}