{"id":1282,"date":"2017-11-19T11:15:29","date_gmt":"2017-11-19T10:15:29","guid":{"rendered":"http:\/\/nfg24.de\/w_press\/?p=1282"},"modified":"2018-01-29T11:14:29","modified_gmt":"2018-01-29T10:14:29","slug":"mathematikolympiade","status":"publish","type":"post","link":"https:\/\/nfg24.de\/w_press\/2017\/11\/19\/mathematikolympiade\/","title":{"rendered":"Mathematikolympiade"},"content":{"rendered":"<p>Am 27. September 2017 war es wieder soweit, die besten Mathematiker der Schule starteten bei der Schulolympiade. Es wurden arithmetische und geometrische Probleme gel\u00f6st, mit Zahlen, Variablen und Gleichungen operiert, es wurde gezeichnet und konstruiert.<br \/>\nDie besten Sch\u00fcler jeder Klassenstufe wurden mit Gutscheinen f\u00fcr das Marktplatzcenter Neubranden-burg und Anerkennungen ausgezeichnet. <!--more-->Die Sch\u00fclerin Emily Preu\u00df aus der 6. Klasse hat die beste Arbeit der gesamten Schule geschrieben. Sie hat von 40 zu erreichenden Punkten 30 Punkte erreicht, das ist ein ausgezeichnetes Ergebnis.<br \/>\nF\u00fcr die Kreisolympiade am 15.11.2017 im Carolinum in Neustrelitz haben sich Sophie von Ahsen, Emily Preu\u00df, Amber S\u00fclzle, Julian Zelfel, Celine Borgwardt und Mattias Watzke qualifiziert. Wir w\u00fcnschen allen gute Ideen, kreative L\u00f6sungen und viele Bewertungspunkte.<\/p>\n<p><img loading=\"lazy\" decoding=\"async\" class=\"aligncenter wp-image-1283 size-full\" src=\"http:\/\/nfg24.de\/w_press\/wp-content\/uploads\/2017\/11\/mathe17.jpg\" alt=\"\" width=\"800\" height=\"600\" srcset=\"https:\/\/nfg24.de\/w_press\/wp-content\/uploads\/2017\/11\/mathe17.jpg 800w, https:\/\/nfg24.de\/w_press\/wp-content\/uploads\/2017\/11\/mathe17-400x300.jpg 400w, https:\/\/nfg24.de\/w_press\/wp-content\/uploads\/2017\/11\/mathe17-768x576.jpg 768w\" sizes=\"auto, (max-width: 800px) 100vw, 800px\" \/><\/p>\n","protected":false},"excerpt":{"rendered":"<p>Am 27. September 2017 war es wieder soweit, die besten Mathematiker der Schule starteten bei der Schulolympiade. Es wurden arithmetische und geometrische Probleme gel\u00f6st, mit Zahlen, Variablen und Gleichungen operiert, es wurde gezeichnet und konstruiert. &hellip; <a href=\"https:\/\/nfg24.de\/w_press\/2017\/11\/19\/mathematikolympiade\/\">Weiterlesen<\/a><\/p>\n","protected":false},"author":1,"featured_media":1283,"comment_status":"closed","ping_status":"open","sticky":false,"template":"","format":"standard","meta":{"footnotes":""},"categories":[1],"tags":[],"class_list":["post-1282","post","type-post","status-publish","format-standard","has-post-thumbnail","hentry","category-news"],"_links":{"self":[{"href":"https:\/\/nfg24.de\/w_press\/wp-json\/wp\/v2\/posts\/1282","targetHints":{"allow":["GET"]}}],"collection":[{"href":"https:\/\/nfg24.de\/w_press\/wp-json\/wp\/v2\/posts"}],"about":[{"href":"https:\/\/nfg24.de\/w_press\/wp-json\/wp\/v2\/types\/post"}],"author":[{"embeddable":true,"href":"https:\/\/nfg24.de\/w_press\/wp-json\/wp\/v2\/users\/1"}],"replies":[{"embeddable":true,"href":"https:\/\/nfg24.de\/w_press\/wp-json\/wp\/v2\/comments?post=1282"}],"version-history":[{"count":3,"href":"https:\/\/nfg24.de\/w_press\/wp-json\/wp\/v2\/posts\/1282\/revisions"}],"predecessor-version":[{"id":1371,"href":"https:\/\/nfg24.de\/w_press\/wp-json\/wp\/v2\/posts\/1282\/revisions\/1371"}],"wp:featuredmedia":[{"embeddable":true,"href":"https:\/\/nfg24.de\/w_press\/wp-json\/wp\/v2\/media\/1283"}],"wp:attachment":[{"href":"https:\/\/nfg24.de\/w_press\/wp-json\/wp\/v2\/media?parent=1282"}],"wp:term":[{"taxonomy":"category","embeddable":true,"href":"https:\/\/nfg24.de\/w_press\/wp-json\/wp\/v2\/categories?post=1282"},{"taxonomy":"post_tag","embeddable":true,"href":"https:\/\/nfg24.de\/w_press\/wp-json\/wp\/v2\/tags?post=1282"}],"curies":[{"name":"wp","href":"https:\/\/api.w.org\/{rel}","templated":true}]}}